{"id":3382,"date":"2017-03-13T14:35:52","date_gmt":"2017-03-13T14:35:52","guid":{"rendered":"http:\/\/blog.lutz-kolbe.com\/?p=3382"},"modified":"2017-03-13T14:35:52","modified_gmt":"2017-03-13T14:35:52","slug":"13-03-2017-erster-tag-auf-see","status":"publish","type":"post","link":"http:\/\/blog.lutz-kolbe.com\/?p=3382","title":{"rendered":"13.03.2017, erster Tag auf See"},"content":{"rendered":"<p><a href=\"http:\/\/blog.lutz-kolbe.com\/wp-content\/uploads\/2017\/03\/20170313_131808.jpg\"><img loading=\"lazy\" decoding=\"async\" class=\"alignnone size-medium wp-image-3383\" src=\"http:\/\/blog.lutz-kolbe.com\/wp-content\/uploads\/2017\/03\/20170313_131808-300x169.jpg\" alt=\"\" width=\"300\" height=\"169\" srcset=\"http:\/\/blog.lutz-kolbe.com\/wp-content\/uploads\/2017\/03\/20170313_131808-300x169.jpg 300w, http:\/\/blog.lutz-kolbe.com\/wp-content\/uploads\/2017\/03\/20170313_131808-768x432.jpg 768w, http:\/\/blog.lutz-kolbe.com\/wp-content\/uploads\/2017\/03\/20170313_131808-1024x576.jpg 1024w\" sizes=\"auto, (max-width: 300px) 100vw, 300px\" \/><\/a> <a href=\"http:\/\/blog.lutz-kolbe.com\/wp-content\/uploads\/2017\/03\/20170313_131703.jpg\"><img loading=\"lazy\" decoding=\"async\" class=\"alignnone size-medium wp-image-3384\" src=\"http:\/\/blog.lutz-kolbe.com\/wp-content\/uploads\/2017\/03\/20170313_131703-300x169.jpg\" alt=\"\" width=\"300\" height=\"169\" srcset=\"http:\/\/blog.lutz-kolbe.com\/wp-content\/uploads\/2017\/03\/20170313_131703-300x169.jpg 300w, http:\/\/blog.lutz-kolbe.com\/wp-content\/uploads\/2017\/03\/20170313_131703-768x432.jpg 768w, http:\/\/blog.lutz-kolbe.com\/wp-content\/uploads\/2017\/03\/20170313_131703-1024x576.jpg 1024w\" sizes=\"auto, (max-width: 300px) 100vw, 300px\" \/><\/a><\/p>\n<p>Man k\u00f6nnte sich fragen, was das f\u00fcr ein seltsamer Kurs ist, um auf die Kanaren zu kommen. Aber der Wind kommt aus S\u00fcdost, und mehr war nicht drin, weil sich die Meeresstr\u00f6mung leider momentan in die gleiche Richtung bewegt.<br \/>\nAber da vorne liegt zuf\u00e4llig Angra auf Terceira, also warum nicht mal wieder da hin!<br \/>\nMehr morgen. Ich muss zwar bei Nacht einlaufen, aber das Schiff kennt den Weg schon!<\/p>\n","protected":false},"excerpt":{"rendered":"<p>Man k\u00f6nnte sich fragen, was das f\u00fcr ein seltsamer Kurs ist, um auf die Kanaren zu kommen. Aber der Wind kommt aus S\u00fcdost, und mehr war nicht drin, weil sich die Meeresstr\u00f6mung leider momentan in die gleiche Richtung bewegt. Aber &hellip; <a href=\"http:\/\/blog.lutz-kolbe.com\/?p=3382\">Weiterlesen <span class=\"meta-nav\">&rarr;<\/span><\/a><\/p>\n","protected":false},"author":1,"featured_media":0,"comment_status":"open","ping_status":"open","sticky":false,"template":"","format":"standard","meta":{"footnotes":""},"categories":[1],"tags":[],"class_list":["post-3382","post","type-post","status-publish","format-standard","hentry","category-uncategorized"],"_links":{"self":[{"href":"http:\/\/blog.lutz-kolbe.com\/index.php?rest_route=\/wp\/v2\/posts\/3382","targetHints":{"allow":["GET"]}}],"collection":[{"href":"http:\/\/blog.lutz-kolbe.com\/index.php?rest_route=\/wp\/v2\/posts"}],"about":[{"href":"http:\/\/blog.lutz-kolbe.com\/index.php?rest_route=\/wp\/v2\/types\/post"}],"author":[{"embeddable":true,"href":"http:\/\/blog.lutz-kolbe.com\/index.php?rest_route=\/wp\/v2\/users\/1"}],"replies":[{"embeddable":true,"href":"http:\/\/blog.lutz-kolbe.com\/index.php?rest_route=%2Fwp%2Fv2%2Fcomments&post=3382"}],"version-history":[{"count":1,"href":"http:\/\/blog.lutz-kolbe.com\/index.php?rest_route=\/wp\/v2\/posts\/3382\/revisions"}],"predecessor-version":[{"id":3385,"href":"http:\/\/blog.lutz-kolbe.com\/index.php?rest_route=\/wp\/v2\/posts\/3382\/revisions\/3385"}],"wp:attachment":[{"href":"http:\/\/blog.lutz-kolbe.com\/index.php?rest_route=%2Fwp%2Fv2%2Fmedia&parent=3382"}],"wp:term":[{"taxonomy":"category","embeddable":true,"href":"http:\/\/blog.lutz-kolbe.com\/index.php?rest_route=%2Fwp%2Fv2%2Fcategories&post=3382"},{"taxonomy":"post_tag","embeddable":true,"href":"http:\/\/blog.lutz-kolbe.com\/index.php?rest_route=%2Fwp%2Fv2%2Ftags&post=3382"}],"curies":[{"name":"wp","href":"https:\/\/api.w.org\/{rel}","templated":true}]}}